{"id":3132,"date":"2025-09-08T19:58:47","date_gmt":"2025-09-08T18:58:47","guid":{"rendered":"https:\/\/vdugosevic.edu.rs\/?p=3132"},"modified":"2025-09-08T19:59:35","modified_gmt":"2025-09-08T18:59:35","slug":"skola-pocinje-tamo-gde-masta-srece-znanje","status":"publish","type":"post","link":"https:\/\/vdugosevic.edu.rs\/index.php\/2025\/09\/08\/skola-pocinje-tamo-gde-masta-srece-znanje\/","title":{"rendered":"\ud83c\udfa8\u2728 \u0160kola po\u010dinje tamo gde ma\u0161ta sre\u0107e znanje \u2728\ud83c\udfa8"},"content":{"rendered":"\n<p>Na\u0161a likovna radionica, odr\u017eana povodom po\u010detka \u0161kolske godine, protekla je u znaku boja, kreativnosti i zajedni\u0161tva. \ud83c\udf08\ud83d\udcda<\/p>\n\n\n\n<p>U\u010denici su kroz crte\u017ee izrazili svoje prve \u0161kolske korake, snove i o\u010dekivanja. Nastale su predivne slike koje pokazuju da je \u0161kola mesto gde se ma\u0161ta i znanje susre\u0107u, rastu i stvaraju ne\u0161to posebno. \ud83d\udcab<\/p>\n\n\n\n<p>Ponosni smo na na\u0161e male umetnike i radujemo se svemu \u0161to \u0107emo zajedno stvarati tokom godine! \ud83c\udfeb\u2764\ufe0f<\/p>\n\n\n\n<figure class=\"wp-block-gallery columns-3 is-cropped\"><ul class=\"blocks-gallery-grid\"><li class=\"blocks-gallery-item\"><figure><a href=\"https:\/\/vdugosevic.edu.rs\/wp-content\/uploads\/2025\/09\/11.jpeg\"><img loading=\"lazy\" width=\"1024\" height=\"697\" src=\"https:\/\/vdugosevic.edu.rs\/wp-content\/uploads\/2025\/09\/11-1024x697.jpeg\" alt=\"\" data-id=\"3133\" data-full-url=\"https:\/\/vdugosevic.edu.rs\/wp-content\/uploads\/2025\/09\/11.jpeg\" data-link=\"https:\/\/vdugosevic.edu.rs\/?attachment_id=3133\" class=\"wp-image-3133\" srcset=\"https:\/\/vdugosevic.edu.rs\/wp-content\/uploads\/2025\/09\/11-1024x697.jpeg 1024w, https:\/\/vdugosevic.edu.rs\/wp-content\/uploads\/2025\/09\/11-300x204.jpeg 300w, https:\/\/vdugosevic.edu.rs\/wp-content\/uploads\/2025\/09\/11-768x523.jpeg 768w, https:\/\/vdugosevic.edu.rs\/wp-content\/uploads\/2025\/09\/11-730x497.jpeg 730w, https:\/\/vdugosevic.edu.rs\/wp-content\/uploads\/2025\/09\/11-435x296.jpeg 435w, https:\/\/vdugosevic.edu.rs\/wp-content\/uploads\/2025\/09\/11.jpeg 1080w\" sizes=\"(max-width: 1024px) 100vw, 1024px\" \/><\/a><\/figure><\/li><li class=\"blocks-gallery-item\"><figure><a href=\"https:\/\/vdugosevic.edu.rs\/wp-content\/uploads\/2025\/09\/12.jpeg\"><img loading=\"lazy\" width=\"1024\" height=\"662\" src=\"https:\/\/vdugosevic.edu.rs\/wp-content\/uploads\/2025\/09\/12-1024x662.jpeg\" alt=\"\" data-id=\"3134\" data-full-url=\"https:\/\/vdugosevic.edu.rs\/wp-content\/uploads\/2025\/09\/12.jpeg\" data-link=\"https:\/\/vdugosevic.edu.rs\/?attachment_id=3134\" class=\"wp-image-3134\" srcset=\"https:\/\/vdugosevic.edu.rs\/wp-content\/uploads\/2025\/09\/12-1024x662.jpeg 1024w, https:\/\/vdugosevic.edu.rs\/wp-content\/uploads\/2025\/09\/12-300x194.jpeg 300w, https:\/\/vdugosevic.edu.rs\/wp-content\/uploads\/2025\/09\/12-768x496.jpeg 768w, https:\/\/vdugosevic.edu.rs\/wp-content\/uploads\/2025\/09\/12-730x472.jpeg 730w, https:\/\/vdugosevic.edu.rs\/wp-content\/uploads\/2025\/09\/12-435x281.jpeg 435w, https:\/\/vdugosevic.edu.rs\/wp-content\/uploads\/2025\/09\/12.jpeg 1080w\" sizes=\"(max-width: 1024px) 100vw, 1024px\" \/><\/a><\/figure><\/li><li class=\"blocks-gallery-item\"><figure><a href=\"https:\/\/vdugosevic.edu.rs\/wp-content\/uploads\/2025\/09\/13.jpeg\"><img loading=\"lazy\" width=\"1024\" height=\"656\" src=\"https:\/\/vdugosevic.edu.rs\/wp-content\/uploads\/2025\/09\/13-1024x656.jpeg\" alt=\"\" data-id=\"3135\" data-full-url=\"https:\/\/vdugosevic.edu.rs\/wp-content\/uploads\/2025\/09\/13.jpeg\" data-link=\"https:\/\/vdugosevic.edu.rs\/?attachment_id=3135\" class=\"wp-image-3135\" srcset=\"https:\/\/vdugosevic.edu.rs\/wp-content\/uploads\/2025\/09\/13-1024x656.jpeg 1024w, https:\/\/vdugosevic.edu.rs\/wp-content\/uploads\/2025\/09\/13-300x192.jpeg 300w, https:\/\/vdugosevic.edu.rs\/wp-content\/uploads\/2025\/09\/13-768x492.jpeg 768w, https:\/\/vdugosevic.edu.rs\/wp-content\/uploads\/2025\/09\/13-730x468.jpeg 730w, https:\/\/vdugosevic.edu.rs\/wp-content\/uploads\/2025\/09\/13-435x279.jpeg 435w, https:\/\/vdugosevic.edu.rs\/wp-content\/uploads\/2025\/09\/13.jpeg 1080w\" sizes=\"(max-width: 1024px) 100vw, 1024px\" \/><\/a><\/figure><\/li><li class=\"blocks-gallery-item\"><figure><a href=\"https:\/\/vdugosevic.edu.rs\/wp-content\/uploads\/2025\/09\/14.jpeg\"><img loading=\"lazy\" width=\"1024\" height=\"707\" src=\"https:\/\/vdugosevic.edu.rs\/wp-content\/uploads\/2025\/09\/14-1024x707.jpeg\" alt=\"\" data-id=\"3136\" data-full-url=\"https:\/\/vdugosevic.edu.rs\/wp-content\/uploads\/2025\/09\/14.jpeg\" data-link=\"https:\/\/vdugosevic.edu.rs\/?attachment_id=3136\" class=\"wp-image-3136\" srcset=\"https:\/\/vdugosevic.edu.rs\/wp-content\/uploads\/2025\/09\/14-1024x707.jpeg 1024w, https:\/\/vdugosevic.edu.rs\/wp-content\/uploads\/2025\/09\/14-300x207.jpeg 300w, https:\/\/vdugosevic.edu.rs\/wp-content\/uploads\/2025\/09\/14-768x530.jpeg 768w, https:\/\/vdugosevic.edu.rs\/wp-content\/uploads\/2025\/09\/14-730x504.jpeg 730w, https:\/\/vdugosevic.edu.rs\/wp-content\/uploads\/2025\/09\/14-435x300.jpeg 435w, https:\/\/vdugosevic.edu.rs\/wp-content\/uploads\/2025\/09\/14.jpeg 1080w\" sizes=\"(max-width: 1024px) 100vw, 1024px\" \/><\/a><\/figure><\/li><\/ul><\/figure>\n","protected":false},"excerpt":{"rendered":"<p>Na\u0161a likovna radionica, odr\u017eana povodom po\u010detka \u0161kolske godine, protekla je u znaku boja, kreativnosti i zajedni\u0161tva. \ud83c\udf08\ud83d\udcda U\u010denici su kroz crte\u017ee izrazili svoje prve \u0161kolske korake, snove i o\u010dekivanja. Nastale [&hellip;]<\/p>\n","protected":false},"author":1,"featured_media":3135,"comment_status":"closed","ping_status":"closed","sticky":false,"template":"","format":"standard","meta":[],"categories":[8],"tags":[],"_links":{"self":[{"href":"https:\/\/vdugosevic.edu.rs\/index.php\/wp-json\/wp\/v2\/posts\/3132"}],"collection":[{"href":"https:\/\/vdugosevic.edu.rs\/index.php\/wp-json\/wp\/v2\/posts"}],"about":[{"href":"https:\/\/vdugosevic.edu.rs\/index.php\/wp-json\/wp\/v2\/types\/post"}],"author":[{"embeddable":true,"href":"https:\/\/vdugosevic.edu.rs\/index.php\/wp-json\/wp\/v2\/users\/1"}],"replies":[{"embeddable":true,"href":"https:\/\/vdugosevic.edu.rs\/index.php\/wp-json\/wp\/v2\/comments?post=3132"}],"version-history":[{"count":1,"href":"https:\/\/vdugosevic.edu.rs\/index.php\/wp-json\/wp\/v2\/posts\/3132\/revisions"}],"predecessor-version":[{"id":3137,"href":"https:\/\/vdugosevic.edu.rs\/index.php\/wp-json\/wp\/v2\/posts\/3132\/revisions\/3137"}],"wp:featuredmedia":[{"embeddable":true,"href":"https:\/\/vdugosevic.edu.rs\/index.php\/wp-json\/wp\/v2\/media\/3135"}],"wp:attachment":[{"href":"https:\/\/vdugosevic.edu.rs\/index.php\/wp-json\/wp\/v2\/media?parent=3132"}],"wp:term":[{"taxonomy":"category","embeddable":true,"href":"https:\/\/vdugosevic.edu.rs\/index.php\/wp-json\/wp\/v2\/categories?post=3132"},{"taxonomy":"post_tag","embeddable":true,"href":"https:\/\/vdugosevic.edu.rs\/index.php\/wp-json\/wp\/v2\/tags?post=3132"}],"curies":[{"name":"wp","href":"https:\/\/api.w.org\/{rel}","templated":true}]}}