{"id":1623,"date":"2017-03-17T18:37:19","date_gmt":"2017-03-17T17:37:19","guid":{"rendered":"http:\/\/vdugosevic.edu.rs\/?p=1623"},"modified":"2017-03-17T18:41:50","modified_gmt":"2017-03-17T17:41:50","slug":"mamama-na-dar","status":"publish","type":"post","link":"https:\/\/vdugosevic.edu.rs\/index.php\/2017\/03\/17\/mamama-na-dar\/","title":{"rendered":"\u041c\u0430\u043c\u0430\u043c\u0430 \u043d\u0430 \u0434\u0430\u0440"},"content":{"rendered":"<p>\u201cMamama na dar\u201d je akcija u okviru projekta vr\u0161nja\u010dkog u\u010denja \u201cZajdno do znanja\u201d povodom\u00a0 8. marta \u2013 Dana\u00a0 \u017eena.<\/p>\n<p>U\u010denici 7. i 8. razreda\u00a0 su zajedno sa pred\u0161kolcima i svojim drugarima od 1. do 4. razreda\u00a0 pripremali poklone\u00a0 za mame.\u00a0 Organizovano je \u010detiri radionica na kojima su u\u010denici pokazali kreativnost i timski rad. Radionice su organizovanu\u00a0 kao rezultat saradnje vaspita\u010da\u00a0 Sne\u017eane Bojovi\u0107, u\u010diteljica Sofie Milenkovi\u0107, Jasne Vunturi\u0161evi\u0107 , Ljiljane Pavlovi\u0107\u00a0 i nastavnice srpskog jezika\u00a0 Ivane Pavlovi\u0107.<br \/>\n<iframe loading=\"lazy\" src=\"https:\/\/app.emaze.com\/@ATTLOQCZ\/mamama-na-dar?autoplay\" width=\"960px\" height=\"540px\" seamless=\"\" allowfullscreen=\"allowfullscreen\"><\/iframe><a href=\"https:\/\/www.emaze.com\" target=\"_blank\"><img style=\"margin: 5px; border: none;\" src=\"\/\/resources.emaze.com\/mypres\/css\/images\/embed.png\" alt=\"Powered by emaze\" \/><\/a><\/p>\n<p><a href=\"http:\/\/vdugosevic.edu.rs\/wp-content\/uploads\/2017\/03\/1-5.jpg\"><img loading=\"lazy\" src=\"http:\/\/vdugosevic.edu.rs\/wp-content\/uploads\/2017\/03\/1-5-150x150.jpg\" alt=\"\" width=\"150\" height=\"150\" class=\"alignleft size-thumbnail wp-image-1625\" \/><\/a><\/p>\n<p><a href=\"http:\/\/vdugosevic.edu.rs\/wp-content\/uploads\/2017\/03\/2-5.jpg\"><img loading=\"lazy\" src=\"http:\/\/vdugosevic.edu.rs\/wp-content\/uploads\/2017\/03\/2-5-150x150.jpg\" alt=\"\" width=\"150\" height=\"150\" class=\"alignleft size-thumbnail wp-image-1626\" \/><\/a><\/p>\n<p><a href=\"http:\/\/vdugosevic.edu.rs\/wp-content\/uploads\/2017\/03\/3-5.jpg\"><img loading=\"lazy\" src=\"http:\/\/vdugosevic.edu.rs\/wp-content\/uploads\/2017\/03\/3-5-150x150.jpg\" alt=\"\" width=\"150\" height=\"150\" class=\"alignleft size-thumbnail wp-image-1627\" \/><\/a><\/p>\n<p><a href=\"http:\/\/vdugosevic.edu.rs\/wp-content\/uploads\/2017\/03\/4-5.jpg\"><img loading=\"lazy\" src=\"http:\/\/vdugosevic.edu.rs\/wp-content\/uploads\/2017\/03\/4-5-150x150.jpg\" alt=\"\" width=\"150\" height=\"150\" class=\"alignleft size-thumbnail wp-image-1628\" \/><\/a><\/p>\n<p><a href=\"http:\/\/vdugosevic.edu.rs\/wp-content\/uploads\/2017\/03\/5-4.jpg\"><img loading=\"lazy\" src=\"http:\/\/vdugosevic.edu.rs\/wp-content\/uploads\/2017\/03\/5-4-150x150.jpg\" alt=\"\" width=\"150\" height=\"150\" class=\"alignleft size-thumbnail wp-image-1629\" \/><\/a><\/p>\n<p><a href=\"http:\/\/vdugosevic.edu.rs\/wp-content\/uploads\/2017\/03\/6-3.jpg\"><img loading=\"lazy\" src=\"http:\/\/vdugosevic.edu.rs\/wp-content\/uploads\/2017\/03\/6-3-150x150.jpg\" alt=\"\" width=\"150\" height=\"150\" class=\"alignleft size-thumbnail wp-image-1630\" \/><\/a><\/p>\n<p><a href=\"http:\/\/vdugosevic.edu.rs\/wp-content\/uploads\/2017\/03\/7-3.jpg\"><img loading=\"lazy\" src=\"http:\/\/vdugosevic.edu.rs\/wp-content\/uploads\/2017\/03\/7-3-150x150.jpg\" alt=\"\" width=\"150\" height=\"150\" class=\"alignleft size-thumbnail wp-image-1631\" \/><\/a><\/p>\n<p><a href=\"http:\/\/vdugosevic.edu.rs\/wp-content\/uploads\/2017\/03\/8-2.jpg\"><img loading=\"lazy\" src=\"http:\/\/vdugosevic.edu.rs\/wp-content\/uploads\/2017\/03\/8-2-150x150.jpg\" alt=\"\" width=\"150\" height=\"150\" class=\"alignleft size-thumbnail wp-image-1632\" \/><\/a><\/p>\n<p><a href=\"http:\/\/vdugosevic.edu.rs\/wp-content\/uploads\/2017\/03\/9-2.jpg\"><img loading=\"lazy\" src=\"http:\/\/vdugosevic.edu.rs\/wp-content\/uploads\/2017\/03\/9-2-150x150.jpg\" alt=\"\" width=\"150\" height=\"150\" class=\"alignleft size-thumbnail wp-image-1633\" \/><\/a><\/p>\n","protected":false},"excerpt":{"rendered":"<p>\u201cMamama na dar\u201d je akcija u okviru projekta vr\u0161nja\u010dkog u\u010denja \u201cZajdno do znanja\u201d povodom\u00a0 8. marta \u2013 Dana\u00a0 \u017eena. U\u010denici 7. i 8. razreda\u00a0 su zajedno sa pred\u0161kolcima i svojim [&hellip;]<\/p>\n","protected":false},"author":1,"featured_media":1631,"comment_status":"closed","ping_status":"closed","sticky":false,"template":"","format":"standard","meta":[],"categories":[8],"tags":[],"_links":{"self":[{"href":"https:\/\/vdugosevic.edu.rs\/index.php\/wp-json\/wp\/v2\/posts\/1623"}],"collection":[{"href":"https:\/\/vdugosevic.edu.rs\/index.php\/wp-json\/wp\/v2\/posts"}],"about":[{"href":"https:\/\/vdugosevic.edu.rs\/index.php\/wp-json\/wp\/v2\/types\/post"}],"author":[{"embeddable":true,"href":"https:\/\/vdugosevic.edu.rs\/index.php\/wp-json\/wp\/v2\/users\/1"}],"replies":[{"embeddable":true,"href":"https:\/\/vdugosevic.edu.rs\/index.php\/wp-json\/wp\/v2\/comments?post=1623"}],"version-history":[{"count":2,"href":"https:\/\/vdugosevic.edu.rs\/index.php\/wp-json\/wp\/v2\/posts\/1623\/revisions"}],"predecessor-version":[{"id":1634,"href":"https:\/\/vdugosevic.edu.rs\/index.php\/wp-json\/wp\/v2\/posts\/1623\/revisions\/1634"}],"wp:featuredmedia":[{"embeddable":true,"href":"https:\/\/vdugosevic.edu.rs\/index.php\/wp-json\/wp\/v2\/media\/1631"}],"wp:attachment":[{"href":"https:\/\/vdugosevic.edu.rs\/index.php\/wp-json\/wp\/v2\/media?parent=1623"}],"wp:term":[{"taxonomy":"category","embeddable":true,"href":"https:\/\/vdugosevic.edu.rs\/index.php\/wp-json\/wp\/v2\/categories?post=1623"},{"taxonomy":"post_tag","embeddable":true,"href":"https:\/\/vdugosevic.edu.rs\/index.php\/wp-json\/wp\/v2\/tags?post=1623"}],"curies":[{"name":"wp","href":"https:\/\/api.w.org\/{rel}","templated":true}]}}