{"id":1578,"date":"2017-03-10T19:57:50","date_gmt":"2017-03-10T18:57:50","guid":{"rendered":"http:\/\/vdugosevic.edu.rs\/?p=1578"},"modified":"2017-03-10T20:23:57","modified_gmt":"2017-03-10T19:23:57","slug":"zajedno-do-znanja","status":"publish","type":"post","link":"https:\/\/vdugosevic.edu.rs\/index.php\/2017\/03\/10\/zajedno-do-znanja\/","title":{"rendered":"\u0417\u0430\u0458\u0435\u0434\u043d\u043e \u0434\u043e \u0437\u043d\u0430\u045a\u0430"},"content":{"rendered":"<p>U\u010denici 7. i 8. razreda zajedno sa nastavnicom srpskog jezika Ivanom Pavlovi\u0107\u00a0 u\u010destvuju u me\u0111unarodnom projektu \u201eZajedno do znanja\u201c. Ovo je projekat \u00a0vr\u0161nja\u010dkog u\u010denja koji\u00a0je\u00a0\u00a0namenjen \u00a0u\u010denicima \u00a0osnovne \u0161kole. Projekat je podstaknut idejom da u\u010denici mnogo lak\u0161e i br\u017ee usvajaju znanja od svojih vr\u0161njaka nego od nastavnika u\u00a0 klasi\u010dnoj nastavi, Zami\u0161ljen je tako da su u\u010denici\u00a0 u predmetnoj nastavi nosioci i\u00a0 realizatori aktivnosti\u00a0 koje\u00a0 \u0107e biti relizovane u odeljenima 4.razreda kako bi im olak\u0161ali prelazak u 5.razred jer su i sam pro\u0161li kroz to iskustvo.<\/p>\n<p>U projektu u\u010destvuju \u0161kole iz Hrvatske i Srbije. \u010clanovi Vr\u0161nja\u010dkog tima upoznali su ostale u\u010denike na\u0161e\u00a0 \u0161kole sa projektom. Prikazali su prezentacije svih \u0161kola u\u010desnica- O\u0160 \u201c Ivana Kukuljevi\u0107a Sakcinskog\u201c Ivanjec, O\u0160 \u201eVuk Karad\u017ei\u0107\u201c Kragujevac, O\u0160 \u201eRadica Rankovi\u0107\u201c Lozovik.<\/p>\n<p><a href=\"http:\/\/vdugosevic.edu.rs\/wp-content\/uploads\/2017\/03\/1-3.jpg\"><img loading=\"lazy\" class=\"alignleft size-thumbnail wp-image-1579\" src=\"http:\/\/vdugosevic.edu.rs\/wp-content\/uploads\/2017\/03\/1-3-150x150.jpg\" alt=\"\" width=\"150\" height=\"150\" \/><\/a> <a href=\"http:\/\/vdugosevic.edu.rs\/wp-content\/uploads\/2017\/03\/2-3.jpg\"><img loading=\"lazy\" class=\"alignleft size-thumbnail wp-image-1580\" src=\"http:\/\/vdugosevic.edu.rs\/wp-content\/uploads\/2017\/03\/2-3-150x150.jpg\" alt=\"\" width=\"150\" height=\"150\" \/><\/a> <a href=\"http:\/\/vdugosevic.edu.rs\/wp-content\/uploads\/2017\/03\/3-3.jpg\"><img loading=\"lazy\" class=\"alignleft size-thumbnail wp-image-1581\" src=\"http:\/\/vdugosevic.edu.rs\/wp-content\/uploads\/2017\/03\/3-3-150x150.jpg\" alt=\"\" width=\"150\" height=\"150\" \/><\/a> <a href=\"http:\/\/vdugosevic.edu.rs\/wp-content\/uploads\/2017\/03\/4-3.jpg\"><img loading=\"lazy\" class=\"alignleft size-thumbnail wp-image-1582\" src=\"http:\/\/vdugosevic.edu.rs\/wp-content\/uploads\/2017\/03\/4-3-150x150.jpg\" alt=\"\" width=\"150\" height=\"150\" \/><\/a><\/p>\n<p>&nbsp;<\/p>\n<p>&nbsp;<\/p>\n<p>&nbsp;<\/p>\n<p>&nbsp;<\/p>\n<p>&nbsp;<\/p>\n<p>Prikazan je i film o vr\u0161nja\u010dkom u\u010denju koji su uradili u\u010denici na\u0161e\u00a0 \u0161kole.<br \/>\n<video controls id=\"video_1_html5_api\" poster=\"\/\/c1.staticflickr.com\/1\/647\/32396969143_f78e76823f_z.jpg\" class=\"vjs-tech\" src=\"https:\/\/ci-32396969143-d4c82a02.http.atlas.cdn.yimg.com\/flickr4\/148249213@N04\/32396969143\/32396969143_360p.mp4?dt=flickr&amp;x=1489174095&amp;m=video%2Fmp4&amp;fn=32396969143_360p&amp;bt=0&amp;a=flickr&amp;d=cp_d%3Dwww.flickr.com%26cp_t%3Ds%26cp%3D792600246%26mid%3D32396969143%26ufn%3D32396969143_360p&amp;s=133848fa1dfaa98abe62baf360f1b3ce\"><\/video><\/p>\n","protected":false},"excerpt":{"rendered":"<p>U\u010denici 7. i 8. razreda zajedno sa nastavnicom srpskog jezika Ivanom Pavlovi\u0107\u00a0 u\u010destvuju u me\u0111unarodnom projektu \u201eZajedno do znanja\u201c. Ovo je projekat \u00a0vr\u0161nja\u010dkog u\u010denja koji\u00a0je\u00a0\u00a0namenjen \u00a0u\u010denicima \u00a0osnovne \u0161kole. Projekat je [&hellip;]<\/p>\n","protected":false},"author":1,"featured_media":1580,"comment_status":"closed","ping_status":"closed","sticky":false,"template":"","format":"standard","meta":[],"categories":[8],"tags":[],"_links":{"self":[{"href":"https:\/\/vdugosevic.edu.rs\/index.php\/wp-json\/wp\/v2\/posts\/1578"}],"collection":[{"href":"https:\/\/vdugosevic.edu.rs\/index.php\/wp-json\/wp\/v2\/posts"}],"about":[{"href":"https:\/\/vdugosevic.edu.rs\/index.php\/wp-json\/wp\/v2\/types\/post"}],"author":[{"embeddable":true,"href":"https:\/\/vdugosevic.edu.rs\/index.php\/wp-json\/wp\/v2\/users\/1"}],"replies":[{"embeddable":true,"href":"https:\/\/vdugosevic.edu.rs\/index.php\/wp-json\/wp\/v2\/comments?post=1578"}],"version-history":[{"count":9,"href":"https:\/\/vdugosevic.edu.rs\/index.php\/wp-json\/wp\/v2\/posts\/1578\/revisions"}],"predecessor-version":[{"id":1591,"href":"https:\/\/vdugosevic.edu.rs\/index.php\/wp-json\/wp\/v2\/posts\/1578\/revisions\/1591"}],"wp:featuredmedia":[{"embeddable":true,"href":"https:\/\/vdugosevic.edu.rs\/index.php\/wp-json\/wp\/v2\/media\/1580"}],"wp:attachment":[{"href":"https:\/\/vdugosevic.edu.rs\/index.php\/wp-json\/wp\/v2\/media?parent=1578"}],"wp:term":[{"taxonomy":"category","embeddable":true,"href":"https:\/\/vdugosevic.edu.rs\/index.php\/wp-json\/wp\/v2\/categories?post=1578"},{"taxonomy":"post_tag","embeddable":true,"href":"https:\/\/vdugosevic.edu.rs\/index.php\/wp-json\/wp\/v2\/tags?post=1578"}],"curies":[{"name":"wp","href":"https:\/\/api.w.org\/{rel}","templated":true}]}}